{"id":62178,"date":"2025-03-04T13:32:23","date_gmt":"2025-03-04T12:32:23","guid":{"rendered":"https:\/\/plixxent.com\/pozegnanie-z-rainerem-swietujemy-jego-przejscie-na-emeryture-w-hamburgu\/"},"modified":"2025-03-10T13:33:45","modified_gmt":"2025-03-10T12:33:45","slug":"pozegnanie-z-rainerem-swietujemy-jego-przejscie-na-emeryture-w-hamburgu","status":"publish","type":"post","link":"https:\/\/plixxent.com\/pl\/pozegnanie-z-rainerem-swietujemy-jego-przejscie-na-emeryture-w-hamburgu\/","title":{"rendered":"Po\u017cegnanie z Rainerem: \u015awi\u0119tujemy jego przej\u015bcie na emerytur\u0119 w Hamburgu!"},"content":{"rendered":"\n<p>Po kilku wspania\u0142ych latach w naszym zespole Treasury, Rainer przechodzi na zas\u0142u\u017con\u0105 emerytur\u0119. Z tej okazji zaprosi\u0142 wszystkich na niezobowi\u0105zuj\u0105cy brunch w Hamburgu &#8211; tworz\u0105c ciep\u0142e i niezapomniane po\u017cegnanie. \ud83d\udc4f<br\/><br\/>Rainer by\u0142 cenionym wsp\u00f3\u0142pracownikiem, zawsze wnosz\u0105cym wiedz\u0119, niezawodno\u015b\u0107 i \u015bwietne poczucie pracy zespo\u0142owej do ka\u017cdego wyzwania. Jego wk\u0142ad wywar\u0142 realny wp\u0142yw, a jego obecno\u015bci b\u0119dzie nam brakowa\u0107 &#8211; nie tylko zawodowo, ale tak\u017ce osobi\u015bcie. <br\/><br\/>Jeste\u015bmy wdzi\u0119czni za zaanga\u017cowanie, wiedz\u0119 i pozytywnego ducha Rainera podczas jego pracy w PLIXXENT i \u017cyczymy mu wszystkiego najlepszego w tym nowym rozdziale \u017cycia. \ud83d\ude80<\/p>\n","protected":false},"excerpt":{"rendered":"<p>Po kilku wspania\u0142ych latach w naszym zespole Treasury, Rainer przechodzi na zas\u0142u\u017con\u0105 emerytur\u0119. Z tej okazji zaprosi\u0142 wszystkich na niezobowi\u0105zuj\u0105cy brunch w Hamburgu &#8211; tworz\u0105c ciep\u0142e i niezapomniane po\u017cegnanie. \ud83d\udc4f Rainer by\u0142 cenionym wsp\u00f3\u0142pracownikiem, zawsze wnosz\u0105cym wiedz\u0119, niezawodno\u015b\u0107 i \u015bwietne poczucie pracy zespo\u0142owej do ka\u017cdego wyzwania. Jego wk\u0142ad wywar\u0142 realny wp\u0142yw, a jego obecno\u015bci b\u0119dzie [&hellip;]<\/p>\n","protected":false},"author":4,"featured_media":62165,"comment_status":"closed","ping_status":"closed","sticky":false,"template":"","format":"standard","meta":{"footnotes":""},"categories":[253],"tags":[],"class_list":["post-62178","post","type-post","status-publish","format-standard","has-post-thumbnail","hentry","category-bez-kategorii"],"yoast_head":"<!-- This site is optimized with the Yoast SEO plugin v27.5 - https:\/\/yoast.com\/product\/yoast-seo-wordpress\/ -->\n<title>Po\u017cegnanie z Rainerem: \u015awi\u0119tujemy jego przej\u015bcie na emerytur\u0119 w Hamburgu! - PLIXXENT<\/title>\n<meta name=\"robots\" content=\"index, follow, max-snippet:-1, max-image-preview:large, max-video-preview:-1\" \/>\n<link rel=\"canonical\" href=\"https:\/\/plixxent.com\/pl\/pozegnanie-z-rainerem-swietujemy-jego-przejscie-na-emeryture-w-hamburgu\/\" \/>\n<meta property=\"og:locale\" content=\"pl_PL\" \/>\n<meta property=\"og:type\" content=\"article\" \/>\n<meta property=\"og:title\" content=\"Po\u017cegnanie z Rainerem: \u015awi\u0119tujemy jego przej\u015bcie na emerytur\u0119 w Hamburgu! - PLIXXENT\" \/>\n<meta property=\"og:description\" content=\"Po kilku wspania\u0142ych latach w naszym zespole Treasury, Rainer przechodzi na zas\u0142u\u017con\u0105 emerytur\u0119. Z tej okazji zaprosi\u0142 wszystkich na niezobowi\u0105zuj\u0105cy brunch w Hamburgu &#8211; tworz\u0105c ciep\u0142e i niezapomniane po\u017cegnanie. \ud83d\udc4f Rainer by\u0142 cenionym wsp\u00f3\u0142pracownikiem, zawsze wnosz\u0105cym wiedz\u0119, niezawodno\u015b\u0107 i \u015bwietne poczucie pracy zespo\u0142owej do ka\u017cdego wyzwania. Jego wk\u0142ad wywar\u0142 realny wp\u0142yw, a jego obecno\u015bci b\u0119dzie [&hellip;]\" \/>\n<meta property=\"og:url\" content=\"https:\/\/plixxent.com\/pl\/pozegnanie-z-rainerem-swietujemy-jego-przejscie-na-emeryture-w-hamburgu\/\" \/>\n<meta property=\"og:site_name\" content=\"PLIXXENT\" \/>\n<meta property=\"article:published_time\" content=\"2025-03-04T12:32:23+00:00\" \/>\n<meta property=\"article:modified_time\" content=\"2025-03-10T12:33:45+00:00\" \/>\n<meta property=\"og:image\" content=\"https:\/\/plixxent.com\/wp-content\/uploads\/2025\/03\/Rainers_Abschied_12.jpg\" \/>\n\t<meta property=\"og:image:width\" content=\"2075\" \/>\n\t<meta property=\"og:image:height\" content=\"2142\" \/>\n\t<meta property=\"og:image:type\" content=\"image\/jpeg\" \/>\n<meta name=\"author\" content=\"Gordon Ronnenberg\" \/>\n<meta name=\"twitter:card\" content=\"summary_large_image\" \/>\n<meta name=\"twitter:label1\" content=\"Napisane przez\" \/>\n\t<meta name=\"twitter:data1\" content=\"Gordon Ronnenberg\" \/>\n\t<meta name=\"twitter:label2\" content=\"Szacowany czas czytania\" \/>\n\t<meta name=\"twitter:data2\" content=\"1 minuta\" \/>\n<script type=\"application\/ld+json\" class=\"yoast-schema-graph\">{\"@context\":\"https:\\\/\\\/schema.org\",\"@graph\":[{\"@type\":\"Article\",\"@id\":\"https:\\\/\\\/plixxent.com\\\/pl\\\/pozegnanie-z-rainerem-swietujemy-jego-przejscie-na-emeryture-w-hamburgu\\\/#article\",\"isPartOf\":{\"@id\":\"https:\\\/\\\/plixxent.com\\\/pl\\\/pozegnanie-z-rainerem-swietujemy-jego-przejscie-na-emeryture-w-hamburgu\\\/\"},\"author\":{\"name\":\"Gordon Ronnenberg\",\"@id\":\"https:\\\/\\\/plixxent.com\\\/pl\\\/#\\\/schema\\\/person\\\/2a5b69c6d4f0889708c1d0e7c7c276e4\"},\"headline\":\"Po\u017cegnanie z Rainerem: \u015awi\u0119tujemy jego przej\u015bcie na emerytur\u0119 w Hamburgu!\",\"datePublished\":\"2025-03-04T12:32:23+00:00\",\"dateModified\":\"2025-03-10T12:33:45+00:00\",\"mainEntityOfPage\":{\"@id\":\"https:\\\/\\\/plixxent.com\\\/pl\\\/pozegnanie-z-rainerem-swietujemy-jego-przejscie-na-emeryture-w-hamburgu\\\/\"},\"wordCount\":121,\"image\":{\"@id\":\"https:\\\/\\\/plixxent.com\\\/pl\\\/pozegnanie-z-rainerem-swietujemy-jego-przejscie-na-emeryture-w-hamburgu\\\/#primaryimage\"},\"thumbnailUrl\":\"https:\\\/\\\/plixxent.com\\\/wp-content\\\/uploads\\\/2025\\\/03\\\/Rainers_Abschied_12.jpg\",\"inLanguage\":\"pl-PL\"},{\"@type\":\"WebPage\",\"@id\":\"https:\\\/\\\/plixxent.com\\\/pl\\\/pozegnanie-z-rainerem-swietujemy-jego-przejscie-na-emeryture-w-hamburgu\\\/\",\"url\":\"https:\\\/\\\/plixxent.com\\\/pl\\\/pozegnanie-z-rainerem-swietujemy-jego-przejscie-na-emeryture-w-hamburgu\\\/\",\"name\":\"Po\u017cegnanie z Rainerem: \u015awi\u0119tujemy jego przej\u015bcie na emerytur\u0119 w Hamburgu! - PLIXXENT\",\"isPartOf\":{\"@id\":\"https:\\\/\\\/plixxent.com\\\/pl\\\/#website\"},\"primaryImageOfPage\":{\"@id\":\"https:\\\/\\\/plixxent.com\\\/pl\\\/pozegnanie-z-rainerem-swietujemy-jego-przejscie-na-emeryture-w-hamburgu\\\/#primaryimage\"},\"image\":{\"@id\":\"https:\\\/\\\/plixxent.com\\\/pl\\\/pozegnanie-z-rainerem-swietujemy-jego-przejscie-na-emeryture-w-hamburgu\\\/#primaryimage\"},\"thumbnailUrl\":\"https:\\\/\\\/plixxent.com\\\/wp-content\\\/uploads\\\/2025\\\/03\\\/Rainers_Abschied_12.jpg\",\"datePublished\":\"2025-03-04T12:32:23+00:00\",\"dateModified\":\"2025-03-10T12:33:45+00:00\",\"author\":{\"@id\":\"https:\\\/\\\/plixxent.com\\\/pl\\\/#\\\/schema\\\/person\\\/2a5b69c6d4f0889708c1d0e7c7c276e4\"},\"breadcrumb\":{\"@id\":\"https:\\\/\\\/plixxent.com\\\/pl\\\/pozegnanie-z-rainerem-swietujemy-jego-przejscie-na-emeryture-w-hamburgu\\\/#breadcrumb\"},\"inLanguage\":\"pl-PL\",\"potentialAction\":[{\"@type\":\"ReadAction\",\"target\":[\"https:\\\/\\\/plixxent.com\\\/pl\\\/pozegnanie-z-rainerem-swietujemy-jego-przejscie-na-emeryture-w-hamburgu\\\/\"]}]},{\"@type\":\"ImageObject\",\"inLanguage\":\"pl-PL\",\"@id\":\"https:\\\/\\\/plixxent.com\\\/pl\\\/pozegnanie-z-rainerem-swietujemy-jego-przejscie-na-emeryture-w-hamburgu\\\/#primaryimage\",\"url\":\"https:\\\/\\\/plixxent.com\\\/wp-content\\\/uploads\\\/2025\\\/03\\\/Rainers_Abschied_12.jpg\",\"contentUrl\":\"https:\\\/\\\/plixxent.com\\\/wp-content\\\/uploads\\\/2025\\\/03\\\/Rainers_Abschied_12.jpg\",\"width\":2075,\"height\":2142},{\"@type\":\"BreadcrumbList\",\"@id\":\"https:\\\/\\\/plixxent.com\\\/pl\\\/pozegnanie-z-rainerem-swietujemy-jego-przejscie-na-emeryture-w-hamburgu\\\/#breadcrumb\",\"itemListElement\":[{\"@type\":\"ListItem\",\"position\":1,\"name\":\"Home\",\"item\":\"https:\\\/\\\/plixxent.com\\\/pl\\\/strona-glowna\\\/\"},{\"@type\":\"ListItem\",\"position\":2,\"name\":\"Po\u017cegnanie z Rainerem: \u015awi\u0119tujemy jego przej\u015bcie na emerytur\u0119 w Hamburgu!\"}]},{\"@type\":\"WebSite\",\"@id\":\"https:\\\/\\\/plixxent.com\\\/pl\\\/#website\",\"url\":\"https:\\\/\\\/plixxent.com\\\/pl\\\/\",\"name\":\"PLIXXENT\",\"description\":\"Providing innovative technologies based on polyurethanes\",\"potentialAction\":[{\"@type\":\"SearchAction\",\"target\":{\"@type\":\"EntryPoint\",\"urlTemplate\":\"https:\\\/\\\/plixxent.com\\\/pl\\\/?s={search_term_string}\"},\"query-input\":{\"@type\":\"PropertyValueSpecification\",\"valueRequired\":true,\"valueName\":\"search_term_string\"}}],\"inLanguage\":\"pl-PL\"},{\"@type\":\"Person\",\"@id\":\"https:\\\/\\\/plixxent.com\\\/pl\\\/#\\\/schema\\\/person\\\/2a5b69c6d4f0889708c1d0e7c7c276e4\",\"name\":\"Gordon Ronnenberg\",\"url\":\"https:\\\/\\\/plixxent.com\\\/pl\\\/author\\\/gordonronnenberg\\\/\"}]}<\/script>\n<!-- \/ Yoast SEO plugin. -->","yoast_head_json":{"title":"Po\u017cegnanie z Rainerem: \u015awi\u0119tujemy jego przej\u015bcie na emerytur\u0119 w Hamburgu! - PLIXXENT","robots":{"index":"index","follow":"follow","max-snippet":"max-snippet:-1","max-image-preview":"max-image-preview:large","max-video-preview":"max-video-preview:-1"},"canonical":"https:\/\/plixxent.com\/pl\/pozegnanie-z-rainerem-swietujemy-jego-przejscie-na-emeryture-w-hamburgu\/","og_locale":"pl_PL","og_type":"article","og_title":"Po\u017cegnanie z Rainerem: \u015awi\u0119tujemy jego przej\u015bcie na emerytur\u0119 w Hamburgu! - PLIXXENT","og_description":"Po kilku wspania\u0142ych latach w naszym zespole Treasury, Rainer przechodzi na zas\u0142u\u017con\u0105 emerytur\u0119. Z tej okazji zaprosi\u0142 wszystkich na niezobowi\u0105zuj\u0105cy brunch w Hamburgu &#8211; tworz\u0105c ciep\u0142e i niezapomniane po\u017cegnanie. \ud83d\udc4f Rainer by\u0142 cenionym wsp\u00f3\u0142pracownikiem, zawsze wnosz\u0105cym wiedz\u0119, niezawodno\u015b\u0107 i \u015bwietne poczucie pracy zespo\u0142owej do ka\u017cdego wyzwania. Jego wk\u0142ad wywar\u0142 realny wp\u0142yw, a jego obecno\u015bci b\u0119dzie [&hellip;]","og_url":"https:\/\/plixxent.com\/pl\/pozegnanie-z-rainerem-swietujemy-jego-przejscie-na-emeryture-w-hamburgu\/","og_site_name":"PLIXXENT","article_published_time":"2025-03-04T12:32:23+00:00","article_modified_time":"2025-03-10T12:33:45+00:00","og_image":[{"width":2075,"height":2142,"url":"https:\/\/plixxent.com\/wp-content\/uploads\/2025\/03\/Rainers_Abschied_12.jpg","type":"image\/jpeg"}],"author":"Gordon Ronnenberg","twitter_card":"summary_large_image","twitter_misc":{"Napisane przez":"Gordon Ronnenberg","Szacowany czas czytania":"1 minuta"},"schema":{"@context":"https:\/\/schema.org","@graph":[{"@type":"Article","@id":"https:\/\/plixxent.com\/pl\/pozegnanie-z-rainerem-swietujemy-jego-przejscie-na-emeryture-w-hamburgu\/#article","isPartOf":{"@id":"https:\/\/plixxent.com\/pl\/pozegnanie-z-rainerem-swietujemy-jego-przejscie-na-emeryture-w-hamburgu\/"},"author":{"name":"Gordon Ronnenberg","@id":"https:\/\/plixxent.com\/pl\/#\/schema\/person\/2a5b69c6d4f0889708c1d0e7c7c276e4"},"headline":"Po\u017cegnanie z Rainerem: \u015awi\u0119tujemy jego przej\u015bcie na emerytur\u0119 w Hamburgu!","datePublished":"2025-03-04T12:32:23+00:00","dateModified":"2025-03-10T12:33:45+00:00","mainEntityOfPage":{"@id":"https:\/\/plixxent.com\/pl\/pozegnanie-z-rainerem-swietujemy-jego-przejscie-na-emeryture-w-hamburgu\/"},"wordCount":121,"image":{"@id":"https:\/\/plixxent.com\/pl\/pozegnanie-z-rainerem-swietujemy-jego-przejscie-na-emeryture-w-hamburgu\/#primaryimage"},"thumbnailUrl":"https:\/\/plixxent.com\/wp-content\/uploads\/2025\/03\/Rainers_Abschied_12.jpg","inLanguage":"pl-PL"},{"@type":"WebPage","@id":"https:\/\/plixxent.com\/pl\/pozegnanie-z-rainerem-swietujemy-jego-przejscie-na-emeryture-w-hamburgu\/","url":"https:\/\/plixxent.com\/pl\/pozegnanie-z-rainerem-swietujemy-jego-przejscie-na-emeryture-w-hamburgu\/","name":"Po\u017cegnanie z Rainerem: \u015awi\u0119tujemy jego przej\u015bcie na emerytur\u0119 w Hamburgu! - PLIXXENT","isPartOf":{"@id":"https:\/\/plixxent.com\/pl\/#website"},"primaryImageOfPage":{"@id":"https:\/\/plixxent.com\/pl\/pozegnanie-z-rainerem-swietujemy-jego-przejscie-na-emeryture-w-hamburgu\/#primaryimage"},"image":{"@id":"https:\/\/plixxent.com\/pl\/pozegnanie-z-rainerem-swietujemy-jego-przejscie-na-emeryture-w-hamburgu\/#primaryimage"},"thumbnailUrl":"https:\/\/plixxent.com\/wp-content\/uploads\/2025\/03\/Rainers_Abschied_12.jpg","datePublished":"2025-03-04T12:32:23+00:00","dateModified":"2025-03-10T12:33:45+00:00","author":{"@id":"https:\/\/plixxent.com\/pl\/#\/schema\/person\/2a5b69c6d4f0889708c1d0e7c7c276e4"},"breadcrumb":{"@id":"https:\/\/plixxent.com\/pl\/pozegnanie-z-rainerem-swietujemy-jego-przejscie-na-emeryture-w-hamburgu\/#breadcrumb"},"inLanguage":"pl-PL","potentialAction":[{"@type":"ReadAction","target":["https:\/\/plixxent.com\/pl\/pozegnanie-z-rainerem-swietujemy-jego-przejscie-na-emeryture-w-hamburgu\/"]}]},{"@type":"ImageObject","inLanguage":"pl-PL","@id":"https:\/\/plixxent.com\/pl\/pozegnanie-z-rainerem-swietujemy-jego-przejscie-na-emeryture-w-hamburgu\/#primaryimage","url":"https:\/\/plixxent.com\/wp-content\/uploads\/2025\/03\/Rainers_Abschied_12.jpg","contentUrl":"https:\/\/plixxent.com\/wp-content\/uploads\/2025\/03\/Rainers_Abschied_12.jpg","width":2075,"height":2142},{"@type":"BreadcrumbList","@id":"https:\/\/plixxent.com\/pl\/pozegnanie-z-rainerem-swietujemy-jego-przejscie-na-emeryture-w-hamburgu\/#breadcrumb","itemListElement":[{"@type":"ListItem","position":1,"name":"Home","item":"https:\/\/plixxent.com\/pl\/strona-glowna\/"},{"@type":"ListItem","position":2,"name":"Po\u017cegnanie z Rainerem: \u015awi\u0119tujemy jego przej\u015bcie na emerytur\u0119 w Hamburgu!"}]},{"@type":"WebSite","@id":"https:\/\/plixxent.com\/pl\/#website","url":"https:\/\/plixxent.com\/pl\/","name":"PLIXXENT","description":"Providing innovative technologies based on polyurethanes","potentialAction":[{"@type":"SearchAction","target":{"@type":"EntryPoint","urlTemplate":"https:\/\/plixxent.com\/pl\/?s={search_term_string}"},"query-input":{"@type":"PropertyValueSpecification","valueRequired":true,"valueName":"search_term_string"}}],"inLanguage":"pl-PL"},{"@type":"Person","@id":"https:\/\/plixxent.com\/pl\/#\/schema\/person\/2a5b69c6d4f0889708c1d0e7c7c276e4","name":"Gordon Ronnenberg","url":"https:\/\/plixxent.com\/pl\/author\/gordonronnenberg\/"}]}},"_links":{"self":[{"href":"https:\/\/plixxent.com\/pl\/wp-json\/wp\/v2\/posts\/62178","targetHints":{"allow":["GET"]}}],"collection":[{"href":"https:\/\/plixxent.com\/pl\/wp-json\/wp\/v2\/posts"}],"about":[{"href":"https:\/\/plixxent.com\/pl\/wp-json\/wp\/v2\/types\/post"}],"author":[{"embeddable":true,"href":"https:\/\/plixxent.com\/pl\/wp-json\/wp\/v2\/users\/4"}],"replies":[{"embeddable":true,"href":"https:\/\/plixxent.com\/pl\/wp-json\/wp\/v2\/comments?post=62178"}],"version-history":[{"count":1,"href":"https:\/\/plixxent.com\/pl\/wp-json\/wp\/v2\/posts\/62178\/revisions"}],"predecessor-version":[{"id":62179,"href":"https:\/\/plixxent.com\/pl\/wp-json\/wp\/v2\/posts\/62178\/revisions\/62179"}],"wp:featuredmedia":[{"embeddable":true,"href":"https:\/\/plixxent.com\/pl\/wp-json\/wp\/v2\/media\/62165"}],"wp:attachment":[{"href":"https:\/\/plixxent.com\/pl\/wp-json\/wp\/v2\/media?parent=62178"}],"wp:term":[{"taxonomy":"category","embeddable":true,"href":"https:\/\/plixxent.com\/pl\/wp-json\/wp\/v2\/categories?post=62178"},{"taxonomy":"post_tag","embeddable":true,"href":"https:\/\/plixxent.com\/pl\/wp-json\/wp\/v2\/tags?post=62178"}],"curies":[{"name":"wp","href":"https:\/\/api.w.org\/{rel}","templated":true}]}}