{"id":62174,"date":"2025-03-04T13:32:23","date_gmt":"2025-03-04T12:32:23","guid":{"rendered":"https:\/\/plixxent.com\/un-adieu-chaleureux-a-rainer-celebration-de-sa-retraite-a-hambourg\/"},"modified":"2025-03-10T13:33:43","modified_gmt":"2025-03-10T12:33:43","slug":"un-adieu-chaleureux-a-rainer-celebration-de-sa-retraite-a-hambourg","status":"publish","type":"post","link":"https:\/\/plixxent.com\/fr\/un-adieu-chaleureux-a-rainer-celebration-de-sa-retraite-a-hambourg\/","title":{"rendered":"Un adieu chaleureux \u00e0 Rainer : C\u00e9l\u00e9bration de sa retraite \u00e0 Hambourg !"},"content":{"rendered":"\n<p>Apr\u00e8s quelques ann\u00e9es formidables au sein de notre \u00e9quipe de tr\u00e9sorerie, Rainer prend une retraite bien m\u00e9rit\u00e9e. Pour marquer l&rsquo;occasion, il a r\u00e9uni tout le monde autour d&rsquo;un brunch d\u00e9contract\u00e9 \u00e0 Hambourg, cr\u00e9ant ainsi un d\u00e9part chaleureux et m\u00e9morable. \ud83d\udc4f<br\/><br\/>Rainer a \u00e9t\u00e9 un coll\u00e8gue appr\u00e9ci\u00e9, apportant toujours son expertise, sa fiabilit\u00e9 et un grand sens du travail d&rsquo;\u00e9quipe \u00e0 chaque d\u00e9fi. Ses contributions ont eu un impact r\u00e9el et sa pr\u00e9sence nous manquera, non seulement sur le plan professionnel, mais aussi sur le plan personnel. <br\/><br\/>Nous sommes reconnaissants \u00e0 Rainer pour son d\u00e9vouement, son expertise et son esprit positif pendant son s\u00e9jour chez PLIXXENT, et nous lui souhaitons le meilleur dans ce nouveau chapitre de sa vie. \ud83d\ude80<\/p>\n","protected":false},"excerpt":{"rendered":"<p>Apr\u00e8s quelques ann\u00e9es formidables au sein de notre \u00e9quipe de tr\u00e9sorerie, Rainer prend une retraite bien m\u00e9rit\u00e9e. Pour marquer l&rsquo;occasion, il a r\u00e9uni tout le monde autour d&rsquo;un brunch d\u00e9contract\u00e9 \u00e0 Hambourg, cr\u00e9ant ainsi un d\u00e9part chaleureux et m\u00e9morable. \ud83d\udc4f Rainer a \u00e9t\u00e9 un coll\u00e8gue appr\u00e9ci\u00e9, apportant toujours son expertise, sa fiabilit\u00e9 et un grand [&hellip;]<\/p>\n","protected":false},"author":4,"featured_media":62162,"comment_status":"closed","ping_status":"closed","sticky":false,"template":"","format":"standard","meta":{"footnotes":""},"categories":[1564],"tags":[],"class_list":["post-62174","post","type-post","status-publish","format-standard","has-post-thumbnail","hentry","category-non-classifiee"],"yoast_head":"<!-- This site is optimized with the Yoast SEO plugin v27.5 - https:\/\/yoast.com\/product\/yoast-seo-wordpress\/ -->\n<title>Un adieu chaleureux \u00e0 Rainer : C\u00e9l\u00e9bration de sa retraite \u00e0 Hambourg ! - PLIXXENT<\/title>\n<meta name=\"robots\" content=\"index, follow, max-snippet:-1, max-image-preview:large, max-video-preview:-1\" \/>\n<link rel=\"canonical\" href=\"https:\/\/plixxent.com\/fr\/un-adieu-chaleureux-a-rainer-celebration-de-sa-retraite-a-hambourg\/\" \/>\n<meta property=\"og:locale\" content=\"fr_FR\" \/>\n<meta property=\"og:type\" content=\"article\" \/>\n<meta property=\"og:title\" content=\"Un adieu chaleureux \u00e0 Rainer : C\u00e9l\u00e9bration de sa retraite \u00e0 Hambourg ! - PLIXXENT\" \/>\n<meta property=\"og:description\" content=\"Apr\u00e8s quelques ann\u00e9es formidables au sein de notre \u00e9quipe de tr\u00e9sorerie, Rainer prend une retraite bien m\u00e9rit\u00e9e. Pour marquer l&rsquo;occasion, il a r\u00e9uni tout le monde autour d&rsquo;un brunch d\u00e9contract\u00e9 \u00e0 Hambourg, cr\u00e9ant ainsi un d\u00e9part chaleureux et m\u00e9morable. \ud83d\udc4f Rainer a \u00e9t\u00e9 un coll\u00e8gue appr\u00e9ci\u00e9, apportant toujours son expertise, sa fiabilit\u00e9 et un grand [&hellip;]\" \/>\n<meta property=\"og:url\" content=\"https:\/\/plixxent.com\/fr\/un-adieu-chaleureux-a-rainer-celebration-de-sa-retraite-a-hambourg\/\" \/>\n<meta property=\"og:site_name\" content=\"PLIXXENT\" \/>\n<meta property=\"article:published_time\" content=\"2025-03-04T12:32:23+00:00\" \/>\n<meta property=\"article:modified_time\" content=\"2025-03-10T12:33:43+00:00\" \/>\n<meta property=\"og:image\" content=\"https:\/\/plixxent.com\/wp-content\/uploads\/2025\/03\/Rainers_Abschied_12.jpg\" \/>\n\t<meta property=\"og:image:width\" content=\"2075\" \/>\n\t<meta property=\"og:image:height\" content=\"2142\" \/>\n\t<meta property=\"og:image:type\" content=\"image\/jpeg\" \/>\n<meta name=\"author\" content=\"Gordon Ronnenberg\" \/>\n<meta name=\"twitter:card\" content=\"summary_large_image\" \/>\n<meta name=\"twitter:label1\" content=\"\u00c9crit par\" \/>\n\t<meta name=\"twitter:data1\" content=\"Gordon Ronnenberg\" \/>\n\t<meta name=\"twitter:label2\" content=\"Dur\u00e9e de lecture estim\u00e9e\" \/>\n\t<meta name=\"twitter:data2\" content=\"1 minute\" \/>\n<script type=\"application\/ld+json\" class=\"yoast-schema-graph\">{\"@context\":\"https:\\\/\\\/schema.org\",\"@graph\":[{\"@type\":\"Article\",\"@id\":\"https:\\\/\\\/plixxent.com\\\/fr\\\/un-adieu-chaleureux-a-rainer-celebration-de-sa-retraite-a-hambourg\\\/#article\",\"isPartOf\":{\"@id\":\"https:\\\/\\\/plixxent.com\\\/fr\\\/un-adieu-chaleureux-a-rainer-celebration-de-sa-retraite-a-hambourg\\\/\"},\"author\":{\"name\":\"Gordon Ronnenberg\",\"@id\":\"https:\\\/\\\/plixxent.com\\\/fr\\\/#\\\/schema\\\/person\\\/2a5b69c6d4f0889708c1d0e7c7c276e4\"},\"headline\":\"Un adieu chaleureux \u00e0 Rainer : C\u00e9l\u00e9bration de sa retraite \u00e0 Hambourg !\",\"datePublished\":\"2025-03-04T12:32:23+00:00\",\"dateModified\":\"2025-03-10T12:33:43+00:00\",\"mainEntityOfPage\":{\"@id\":\"https:\\\/\\\/plixxent.com\\\/fr\\\/un-adieu-chaleureux-a-rainer-celebration-de-sa-retraite-a-hambourg\\\/\"},\"wordCount\":145,\"image\":{\"@id\":\"https:\\\/\\\/plixxent.com\\\/fr\\\/un-adieu-chaleureux-a-rainer-celebration-de-sa-retraite-a-hambourg\\\/#primaryimage\"},\"thumbnailUrl\":\"https:\\\/\\\/plixxent.com\\\/wp-content\\\/uploads\\\/2025\\\/03\\\/Rainers_Abschied_12.jpg\",\"articleSection\":[\"Non classifi\u00e9(e)\"],\"inLanguage\":\"fr-FR\"},{\"@type\":\"WebPage\",\"@id\":\"https:\\\/\\\/plixxent.com\\\/fr\\\/un-adieu-chaleureux-a-rainer-celebration-de-sa-retraite-a-hambourg\\\/\",\"url\":\"https:\\\/\\\/plixxent.com\\\/fr\\\/un-adieu-chaleureux-a-rainer-celebration-de-sa-retraite-a-hambourg\\\/\",\"name\":\"Un adieu chaleureux \u00e0 Rainer : C\u00e9l\u00e9bration de sa retraite \u00e0 Hambourg ! - PLIXXENT\",\"isPartOf\":{\"@id\":\"https:\\\/\\\/plixxent.com\\\/fr\\\/#website\"},\"primaryImageOfPage\":{\"@id\":\"https:\\\/\\\/plixxent.com\\\/fr\\\/un-adieu-chaleureux-a-rainer-celebration-de-sa-retraite-a-hambourg\\\/#primaryimage\"},\"image\":{\"@id\":\"https:\\\/\\\/plixxent.com\\\/fr\\\/un-adieu-chaleureux-a-rainer-celebration-de-sa-retraite-a-hambourg\\\/#primaryimage\"},\"thumbnailUrl\":\"https:\\\/\\\/plixxent.com\\\/wp-content\\\/uploads\\\/2025\\\/03\\\/Rainers_Abschied_12.jpg\",\"datePublished\":\"2025-03-04T12:32:23+00:00\",\"dateModified\":\"2025-03-10T12:33:43+00:00\",\"author\":{\"@id\":\"https:\\\/\\\/plixxent.com\\\/fr\\\/#\\\/schema\\\/person\\\/2a5b69c6d4f0889708c1d0e7c7c276e4\"},\"breadcrumb\":{\"@id\":\"https:\\\/\\\/plixxent.com\\\/fr\\\/un-adieu-chaleureux-a-rainer-celebration-de-sa-retraite-a-hambourg\\\/#breadcrumb\"},\"inLanguage\":\"fr-FR\",\"potentialAction\":[{\"@type\":\"ReadAction\",\"target\":[\"https:\\\/\\\/plixxent.com\\\/fr\\\/un-adieu-chaleureux-a-rainer-celebration-de-sa-retraite-a-hambourg\\\/\"]}]},{\"@type\":\"ImageObject\",\"inLanguage\":\"fr-FR\",\"@id\":\"https:\\\/\\\/plixxent.com\\\/fr\\\/un-adieu-chaleureux-a-rainer-celebration-de-sa-retraite-a-hambourg\\\/#primaryimage\",\"url\":\"https:\\\/\\\/plixxent.com\\\/wp-content\\\/uploads\\\/2025\\\/03\\\/Rainers_Abschied_12.jpg\",\"contentUrl\":\"https:\\\/\\\/plixxent.com\\\/wp-content\\\/uploads\\\/2025\\\/03\\\/Rainers_Abschied_12.jpg\",\"width\":2075,\"height\":2142},{\"@type\":\"BreadcrumbList\",\"@id\":\"https:\\\/\\\/plixxent.com\\\/fr\\\/un-adieu-chaleureux-a-rainer-celebration-de-sa-retraite-a-hambourg\\\/#breadcrumb\",\"itemListElement\":[{\"@type\":\"ListItem\",\"position\":1,\"name\":\"Home\",\"item\":\"https:\\\/\\\/plixxent.com\\\/fr\\\/accueil\\\/\"},{\"@type\":\"ListItem\",\"position\":2,\"name\":\"Un adieu chaleureux \u00e0 Rainer : C\u00e9l\u00e9bration de sa retraite \u00e0 Hambourg !\"}]},{\"@type\":\"WebSite\",\"@id\":\"https:\\\/\\\/plixxent.com\\\/fr\\\/#website\",\"url\":\"https:\\\/\\\/plixxent.com\\\/fr\\\/\",\"name\":\"PLIXXENT\",\"description\":\"Providing innovative technologies based on polyurethanes\",\"potentialAction\":[{\"@type\":\"SearchAction\",\"target\":{\"@type\":\"EntryPoint\",\"urlTemplate\":\"https:\\\/\\\/plixxent.com\\\/fr\\\/?s={search_term_string}\"},\"query-input\":{\"@type\":\"PropertyValueSpecification\",\"valueRequired\":true,\"valueName\":\"search_term_string\"}}],\"inLanguage\":\"fr-FR\"},{\"@type\":\"Person\",\"@id\":\"https:\\\/\\\/plixxent.com\\\/fr\\\/#\\\/schema\\\/person\\\/2a5b69c6d4f0889708c1d0e7c7c276e4\",\"name\":\"Gordon Ronnenberg\",\"url\":\"https:\\\/\\\/plixxent.com\\\/fr\\\/author\\\/gordonronnenberg\\\/\"}]}<\/script>\n<!-- \/ Yoast SEO plugin. -->","yoast_head_json":{"title":"Un adieu chaleureux \u00e0 Rainer : C\u00e9l\u00e9bration de sa retraite \u00e0 Hambourg ! - PLIXXENT","robots":{"index":"index","follow":"follow","max-snippet":"max-snippet:-1","max-image-preview":"max-image-preview:large","max-video-preview":"max-video-preview:-1"},"canonical":"https:\/\/plixxent.com\/fr\/un-adieu-chaleureux-a-rainer-celebration-de-sa-retraite-a-hambourg\/","og_locale":"fr_FR","og_type":"article","og_title":"Un adieu chaleureux \u00e0 Rainer : C\u00e9l\u00e9bration de sa retraite \u00e0 Hambourg ! - PLIXXENT","og_description":"Apr\u00e8s quelques ann\u00e9es formidables au sein de notre \u00e9quipe de tr\u00e9sorerie, Rainer prend une retraite bien m\u00e9rit\u00e9e. Pour marquer l&rsquo;occasion, il a r\u00e9uni tout le monde autour d&rsquo;un brunch d\u00e9contract\u00e9 \u00e0 Hambourg, cr\u00e9ant ainsi un d\u00e9part chaleureux et m\u00e9morable. \ud83d\udc4f Rainer a \u00e9t\u00e9 un coll\u00e8gue appr\u00e9ci\u00e9, apportant toujours son expertise, sa fiabilit\u00e9 et un grand [&hellip;]","og_url":"https:\/\/plixxent.com\/fr\/un-adieu-chaleureux-a-rainer-celebration-de-sa-retraite-a-hambourg\/","og_site_name":"PLIXXENT","article_published_time":"2025-03-04T12:32:23+00:00","article_modified_time":"2025-03-10T12:33:43+00:00","og_image":[{"width":2075,"height":2142,"url":"https:\/\/plixxent.com\/wp-content\/uploads\/2025\/03\/Rainers_Abschied_12.jpg","type":"image\/jpeg"}],"author":"Gordon Ronnenberg","twitter_card":"summary_large_image","twitter_misc":{"\u00c9crit par":"Gordon Ronnenberg","Dur\u00e9e de lecture estim\u00e9e":"1 minute"},"schema":{"@context":"https:\/\/schema.org","@graph":[{"@type":"Article","@id":"https:\/\/plixxent.com\/fr\/un-adieu-chaleureux-a-rainer-celebration-de-sa-retraite-a-hambourg\/#article","isPartOf":{"@id":"https:\/\/plixxent.com\/fr\/un-adieu-chaleureux-a-rainer-celebration-de-sa-retraite-a-hambourg\/"},"author":{"name":"Gordon Ronnenberg","@id":"https:\/\/plixxent.com\/fr\/#\/schema\/person\/2a5b69c6d4f0889708c1d0e7c7c276e4"},"headline":"Un adieu chaleureux \u00e0 Rainer : C\u00e9l\u00e9bration de sa retraite \u00e0 Hambourg !","datePublished":"2025-03-04T12:32:23+00:00","dateModified":"2025-03-10T12:33:43+00:00","mainEntityOfPage":{"@id":"https:\/\/plixxent.com\/fr\/un-adieu-chaleureux-a-rainer-celebration-de-sa-retraite-a-hambourg\/"},"wordCount":145,"image":{"@id":"https:\/\/plixxent.com\/fr\/un-adieu-chaleureux-a-rainer-celebration-de-sa-retraite-a-hambourg\/#primaryimage"},"thumbnailUrl":"https:\/\/plixxent.com\/wp-content\/uploads\/2025\/03\/Rainers_Abschied_12.jpg","articleSection":["Non classifi\u00e9(e)"],"inLanguage":"fr-FR"},{"@type":"WebPage","@id":"https:\/\/plixxent.com\/fr\/un-adieu-chaleureux-a-rainer-celebration-de-sa-retraite-a-hambourg\/","url":"https:\/\/plixxent.com\/fr\/un-adieu-chaleureux-a-rainer-celebration-de-sa-retraite-a-hambourg\/","name":"Un adieu chaleureux \u00e0 Rainer : C\u00e9l\u00e9bration de sa retraite \u00e0 Hambourg ! - PLIXXENT","isPartOf":{"@id":"https:\/\/plixxent.com\/fr\/#website"},"primaryImageOfPage":{"@id":"https:\/\/plixxent.com\/fr\/un-adieu-chaleureux-a-rainer-celebration-de-sa-retraite-a-hambourg\/#primaryimage"},"image":{"@id":"https:\/\/plixxent.com\/fr\/un-adieu-chaleureux-a-rainer-celebration-de-sa-retraite-a-hambourg\/#primaryimage"},"thumbnailUrl":"https:\/\/plixxent.com\/wp-content\/uploads\/2025\/03\/Rainers_Abschied_12.jpg","datePublished":"2025-03-04T12:32:23+00:00","dateModified":"2025-03-10T12:33:43+00:00","author":{"@id":"https:\/\/plixxent.com\/fr\/#\/schema\/person\/2a5b69c6d4f0889708c1d0e7c7c276e4"},"breadcrumb":{"@id":"https:\/\/plixxent.com\/fr\/un-adieu-chaleureux-a-rainer-celebration-de-sa-retraite-a-hambourg\/#breadcrumb"},"inLanguage":"fr-FR","potentialAction":[{"@type":"ReadAction","target":["https:\/\/plixxent.com\/fr\/un-adieu-chaleureux-a-rainer-celebration-de-sa-retraite-a-hambourg\/"]}]},{"@type":"ImageObject","inLanguage":"fr-FR","@id":"https:\/\/plixxent.com\/fr\/un-adieu-chaleureux-a-rainer-celebration-de-sa-retraite-a-hambourg\/#primaryimage","url":"https:\/\/plixxent.com\/wp-content\/uploads\/2025\/03\/Rainers_Abschied_12.jpg","contentUrl":"https:\/\/plixxent.com\/wp-content\/uploads\/2025\/03\/Rainers_Abschied_12.jpg","width":2075,"height":2142},{"@type":"BreadcrumbList","@id":"https:\/\/plixxent.com\/fr\/un-adieu-chaleureux-a-rainer-celebration-de-sa-retraite-a-hambourg\/#breadcrumb","itemListElement":[{"@type":"ListItem","position":1,"name":"Home","item":"https:\/\/plixxent.com\/fr\/accueil\/"},{"@type":"ListItem","position":2,"name":"Un adieu chaleureux \u00e0 Rainer : C\u00e9l\u00e9bration de sa retraite \u00e0 Hambourg !"}]},{"@type":"WebSite","@id":"https:\/\/plixxent.com\/fr\/#website","url":"https:\/\/plixxent.com\/fr\/","name":"PLIXXENT","description":"Providing innovative technologies based on polyurethanes","potentialAction":[{"@type":"SearchAction","target":{"@type":"EntryPoint","urlTemplate":"https:\/\/plixxent.com\/fr\/?s={search_term_string}"},"query-input":{"@type":"PropertyValueSpecification","valueRequired":true,"valueName":"search_term_string"}}],"inLanguage":"fr-FR"},{"@type":"Person","@id":"https:\/\/plixxent.com\/fr\/#\/schema\/person\/2a5b69c6d4f0889708c1d0e7c7c276e4","name":"Gordon Ronnenberg","url":"https:\/\/plixxent.com\/fr\/author\/gordonronnenberg\/"}]}},"_links":{"self":[{"href":"https:\/\/plixxent.com\/fr\/wp-json\/wp\/v2\/posts\/62174","targetHints":{"allow":["GET"]}}],"collection":[{"href":"https:\/\/plixxent.com\/fr\/wp-json\/wp\/v2\/posts"}],"about":[{"href":"https:\/\/plixxent.com\/fr\/wp-json\/wp\/v2\/types\/post"}],"author":[{"embeddable":true,"href":"https:\/\/plixxent.com\/fr\/wp-json\/wp\/v2\/users\/4"}],"replies":[{"embeddable":true,"href":"https:\/\/plixxent.com\/fr\/wp-json\/wp\/v2\/comments?post=62174"}],"version-history":[{"count":1,"href":"https:\/\/plixxent.com\/fr\/wp-json\/wp\/v2\/posts\/62174\/revisions"}],"predecessor-version":[{"id":62175,"href":"https:\/\/plixxent.com\/fr\/wp-json\/wp\/v2\/posts\/62174\/revisions\/62175"}],"wp:featuredmedia":[{"embeddable":true,"href":"https:\/\/plixxent.com\/fr\/wp-json\/wp\/v2\/media\/62162"}],"wp:attachment":[{"href":"https:\/\/plixxent.com\/fr\/wp-json\/wp\/v2\/media?parent=62174"}],"wp:term":[{"taxonomy":"category","embeddable":true,"href":"https:\/\/plixxent.com\/fr\/wp-json\/wp\/v2\/categories?post=62174"},{"taxonomy":"post_tag","embeddable":true,"href":"https:\/\/plixxent.com\/fr\/wp-json\/wp\/v2\/tags?post=62174"}],"curies":[{"name":"wp","href":"https:\/\/api.w.org\/{rel}","templated":true}]}}