{"id":61537,"date":"2024-12-22T13:45:59","date_gmt":"2024-12-22T12:45:59","guid":{"rendered":"https:\/\/plixxent.com\/glaedelig-4-advent-fra-plixxent\/"},"modified":"2025-01-02T13:47:53","modified_gmt":"2025-01-02T12:47:53","slug":"glaedelig-4-advent-fra-plixxent","status":"publish","type":"post","link":"https:\/\/plixxent.com\/da\/glaedelig-4-advent-fra-plixxent\/","title":{"rendered":"Gl\u00e6delig 4. advent fra #PLIXXENT"},"content":{"rendered":"\n<p>N\u00e5r vi t\u00e6nder det fjerde lys p\u00e5 adventskransen, er det tid til at stoppe op og s\u00e6tte pris p\u00e5 det, der virkelig betyder noget.<br\/>Denne f\u00f8lelse er perfekt indfanget i vores \u00f8konomidirekt\u00f8rs ord,  <a href=\"https:\/\/www.linkedin.com\/in\/ACoAABHYxt8BNQ4PJCQCtapIefaiK4Qe13xYEMk\"><\/a><a href=\"https:\/\/www.linkedin.com\/in\/nikolaus-michelsen-11333784\/\">Nikolaus Michelsen<\/a>:<br\/><br\/>&#8220;Feries\u00e6sonen minder os om, at sand rigdom ikke ligger i tal, men i den tid, vi deler med dem, der betyder mest &#8211; familie, venner og kolleger. Lad os v\u00e6rne om disse \u00f8jeblikke, opbygge forbindelser og b\u00e6re denne gl\u00e6des\u00e5nd ind i det nye \u00e5r.&#8221;<br\/><br\/>Hos <a href=\"https:\/\/www.linkedin.com\/feed\/hashtag\/?keywords=plixxent&amp;highlightedUpdateUrns=urn%3Ali%3Aactivity%3A7276552055870144513\">#PLIXXENT<\/a> er vi taknemmelige for de b\u00e5nd, vi har knyttet i l\u00f8bet af \u00e5ret, og vi ser frem til en feries\u00e6son sammen med vores k\u00e6re.<br\/><br\/>Jeg \u00f8nsker alle en fredfyldt og gl\u00e6delig 4. advent!<br\/><br\/><a href=\"https:\/\/www.linkedin.com\/feed\/hashtag\/?keywords=advent&amp;highlightedUpdateUrns=urn%3Ali%3Aactivity%3A7276552055870144513\">#Advent<\/a> <a href=\"https:\/\/www.linkedin.com\/feed\/hashtag\/?keywords=plixxentspirit&amp;highlightedUpdateUrns=urn%3Ali%3Aactivity%3A7276552055870144513\">#PLIXXENTSpirit<\/a> <a href=\"https:\/\/www.linkedin.com\/feed\/hashtag\/?keywords=togetherness&amp;highlightedUpdateUrns=urn%3Ali%3Aactivity%3A7276552055870144513\">#Togetherness<\/a> <a href=\"https:\/\/www.linkedin.com\/feed\/hashtag\/?keywords=holidayseason&amp;highlightedUpdateUrns=urn%3Ali%3Aactivity%3A7276552055870144513\">#HolidaySeason<\/a> <a href=\"https:\/\/www.linkedin.com\/feed\/hashtag\/?keywords=gratitude&amp;highlightedUpdateUrns=urn%3Ali%3Aactivity%3A7276552055870144513\">#Gratitude<\/a><\/p>\n","protected":false},"excerpt":{"rendered":"<p>N\u00e5r vi t\u00e6nder det fjerde lys p\u00e5 adventskransen, er det tid til at stoppe op og s\u00e6tte pris p\u00e5 det, der virkelig betyder noget.Denne f\u00f8lelse er perfekt indfanget i vores \u00f8konomidirekt\u00f8rs ord, Nikolaus Michelsen: &#8220;Feries\u00e6sonen minder os om, at sand rigdom ikke ligger i tal, men i den tid, vi deler med dem, der betyder [&hellip;]<\/p>\n","protected":false},"author":4,"featured_media":61525,"comment_status":"closed","ping_status":"closed","sticky":false,"template":"","format":"standard","meta":{"footnotes":""},"categories":[252],"tags":[],"class_list":["post-61537","post","type-post","status-publish","format-standard","has-post-thumbnail","hentry","category-uncategorized-da"],"yoast_head":"<!-- This site is optimized with the Yoast SEO plugin v27.5 - https:\/\/yoast.com\/product\/yoast-seo-wordpress\/ -->\n<title>Gl\u00e6delig 4. advent fra #PLIXXENT - PLIXXENT<\/title>\n<meta name=\"robots\" content=\"index, follow, max-snippet:-1, max-image-preview:large, max-video-preview:-1\" \/>\n<link rel=\"canonical\" href=\"https:\/\/plixxent.com\/da\/glaedelig-4-advent-fra-plixxent\/\" \/>\n<meta property=\"og:locale\" content=\"da_DK\" \/>\n<meta property=\"og:type\" content=\"article\" \/>\n<meta property=\"og:title\" content=\"Gl\u00e6delig 4. advent fra #PLIXXENT - PLIXXENT\" \/>\n<meta property=\"og:description\" content=\"N\u00e5r vi t\u00e6nder det fjerde lys p\u00e5 adventskransen, er det tid til at stoppe op og s\u00e6tte pris p\u00e5 det, der virkelig betyder noget.Denne f\u00f8lelse er perfekt indfanget i vores \u00f8konomidirekt\u00f8rs ord, Nikolaus Michelsen: &#8220;Feries\u00e6sonen minder os om, at sand rigdom ikke ligger i tal, men i den tid, vi deler med dem, der betyder [&hellip;]\" \/>\n<meta property=\"og:url\" content=\"https:\/\/plixxent.com\/da\/glaedelig-4-advent-fra-plixxent\/\" \/>\n<meta property=\"og:site_name\" content=\"PLIXXENT\" \/>\n<meta property=\"article:published_time\" content=\"2024-12-22T12:45:59+00:00\" \/>\n<meta property=\"article:modified_time\" content=\"2025-01-02T12:47:53+00:00\" \/>\n<meta property=\"og:image\" content=\"https:\/\/plixxent.com\/wp-content\/uploads\/2025\/01\/22ndDecember-3.jpg\" \/>\n\t<meta property=\"og:image:width\" content=\"1080\" \/>\n\t<meta property=\"og:image:height\" content=\"1080\" \/>\n\t<meta property=\"og:image:type\" content=\"image\/jpeg\" \/>\n<meta name=\"author\" content=\"Gordon Ronnenberg\" \/>\n<meta name=\"twitter:card\" content=\"summary_large_image\" \/>\n<meta name=\"twitter:label1\" content=\"Skrevet af\" \/>\n\t<meta name=\"twitter:data1\" content=\"Gordon Ronnenberg\" \/>\n\t<meta name=\"twitter:label2\" content=\"Estimeret l\u00e6setid\" \/>\n\t<meta name=\"twitter:data2\" content=\"1 minut\" \/>\n<script type=\"application\/ld+json\" class=\"yoast-schema-graph\">{\"@context\":\"https:\\\/\\\/schema.org\",\"@graph\":[{\"@type\":\"Article\",\"@id\":\"https:\\\/\\\/plixxent.com\\\/da\\\/glaedelig-4-advent-fra-plixxent\\\/#article\",\"isPartOf\":{\"@id\":\"https:\\\/\\\/plixxent.com\\\/da\\\/glaedelig-4-advent-fra-plixxent\\\/\"},\"author\":{\"name\":\"Gordon Ronnenberg\",\"@id\":\"https:\\\/\\\/plixxent.com\\\/da\\\/#\\\/schema\\\/person\\\/2a5b69c6d4f0889708c1d0e7c7c276e4\"},\"headline\":\"Gl\u00e6delig 4. advent fra #PLIXXENT\",\"datePublished\":\"2024-12-22T12:45:59+00:00\",\"dateModified\":\"2025-01-02T12:47:53+00:00\",\"mainEntityOfPage\":{\"@id\":\"https:\\\/\\\/plixxent.com\\\/da\\\/glaedelig-4-advent-fra-plixxent\\\/\"},\"wordCount\":138,\"image\":{\"@id\":\"https:\\\/\\\/plixxent.com\\\/da\\\/glaedelig-4-advent-fra-plixxent\\\/#primaryimage\"},\"thumbnailUrl\":\"https:\\\/\\\/plixxent.com\\\/wp-content\\\/uploads\\\/2025\\\/01\\\/22ndDecember-3.jpg\",\"articleSection\":[\"Uncategorized @da\"],\"inLanguage\":\"da-DK\"},{\"@type\":\"WebPage\",\"@id\":\"https:\\\/\\\/plixxent.com\\\/da\\\/glaedelig-4-advent-fra-plixxent\\\/\",\"url\":\"https:\\\/\\\/plixxent.com\\\/da\\\/glaedelig-4-advent-fra-plixxent\\\/\",\"name\":\"Gl\u00e6delig 4. advent fra #PLIXXENT - PLIXXENT\",\"isPartOf\":{\"@id\":\"https:\\\/\\\/plixxent.com\\\/da\\\/#website\"},\"primaryImageOfPage\":{\"@id\":\"https:\\\/\\\/plixxent.com\\\/da\\\/glaedelig-4-advent-fra-plixxent\\\/#primaryimage\"},\"image\":{\"@id\":\"https:\\\/\\\/plixxent.com\\\/da\\\/glaedelig-4-advent-fra-plixxent\\\/#primaryimage\"},\"thumbnailUrl\":\"https:\\\/\\\/plixxent.com\\\/wp-content\\\/uploads\\\/2025\\\/01\\\/22ndDecember-3.jpg\",\"datePublished\":\"2024-12-22T12:45:59+00:00\",\"dateModified\":\"2025-01-02T12:47:53+00:00\",\"author\":{\"@id\":\"https:\\\/\\\/plixxent.com\\\/da\\\/#\\\/schema\\\/person\\\/2a5b69c6d4f0889708c1d0e7c7c276e4\"},\"breadcrumb\":{\"@id\":\"https:\\\/\\\/plixxent.com\\\/da\\\/glaedelig-4-advent-fra-plixxent\\\/#breadcrumb\"},\"inLanguage\":\"da-DK\",\"potentialAction\":[{\"@type\":\"ReadAction\",\"target\":[\"https:\\\/\\\/plixxent.com\\\/da\\\/glaedelig-4-advent-fra-plixxent\\\/\"]}]},{\"@type\":\"ImageObject\",\"inLanguage\":\"da-DK\",\"@id\":\"https:\\\/\\\/plixxent.com\\\/da\\\/glaedelig-4-advent-fra-plixxent\\\/#primaryimage\",\"url\":\"https:\\\/\\\/plixxent.com\\\/wp-content\\\/uploads\\\/2025\\\/01\\\/22ndDecember-3.jpg\",\"contentUrl\":\"https:\\\/\\\/plixxent.com\\\/wp-content\\\/uploads\\\/2025\\\/01\\\/22ndDecember-3.jpg\",\"width\":1080,\"height\":1080},{\"@type\":\"BreadcrumbList\",\"@id\":\"https:\\\/\\\/plixxent.com\\\/da\\\/glaedelig-4-advent-fra-plixxent\\\/#breadcrumb\",\"itemListElement\":[{\"@type\":\"ListItem\",\"position\":1,\"name\":\"Home\",\"item\":\"https:\\\/\\\/plixxent.com\\\/da\\\/hjem\\\/\"},{\"@type\":\"ListItem\",\"position\":2,\"name\":\"Gl\u00e6delig 4. advent fra #PLIXXENT\"}]},{\"@type\":\"WebSite\",\"@id\":\"https:\\\/\\\/plixxent.com\\\/da\\\/#website\",\"url\":\"https:\\\/\\\/plixxent.com\\\/da\\\/\",\"name\":\"PLIXXENT\",\"description\":\"Providing innovative technologies based on polyurethanes\",\"potentialAction\":[{\"@type\":\"SearchAction\",\"target\":{\"@type\":\"EntryPoint\",\"urlTemplate\":\"https:\\\/\\\/plixxent.com\\\/da\\\/?s={search_term_string}\"},\"query-input\":{\"@type\":\"PropertyValueSpecification\",\"valueRequired\":true,\"valueName\":\"search_term_string\"}}],\"inLanguage\":\"da-DK\"},{\"@type\":\"Person\",\"@id\":\"https:\\\/\\\/plixxent.com\\\/da\\\/#\\\/schema\\\/person\\\/2a5b69c6d4f0889708c1d0e7c7c276e4\",\"name\":\"Gordon Ronnenberg\",\"url\":\"https:\\\/\\\/plixxent.com\\\/da\\\/author\\\/gordonronnenberg\\\/\"}]}<\/script>\n<!-- \/ Yoast SEO plugin. -->","yoast_head_json":{"title":"Gl\u00e6delig 4. advent fra #PLIXXENT - PLIXXENT","robots":{"index":"index","follow":"follow","max-snippet":"max-snippet:-1","max-image-preview":"max-image-preview:large","max-video-preview":"max-video-preview:-1"},"canonical":"https:\/\/plixxent.com\/da\/glaedelig-4-advent-fra-plixxent\/","og_locale":"da_DK","og_type":"article","og_title":"Gl\u00e6delig 4. advent fra #PLIXXENT - PLIXXENT","og_description":"N\u00e5r vi t\u00e6nder det fjerde lys p\u00e5 adventskransen, er det tid til at stoppe op og s\u00e6tte pris p\u00e5 det, der virkelig betyder noget.Denne f\u00f8lelse er perfekt indfanget i vores \u00f8konomidirekt\u00f8rs ord, Nikolaus Michelsen: &#8220;Feries\u00e6sonen minder os om, at sand rigdom ikke ligger i tal, men i den tid, vi deler med dem, der betyder [&hellip;]","og_url":"https:\/\/plixxent.com\/da\/glaedelig-4-advent-fra-plixxent\/","og_site_name":"PLIXXENT","article_published_time":"2024-12-22T12:45:59+00:00","article_modified_time":"2025-01-02T12:47:53+00:00","og_image":[{"width":1080,"height":1080,"url":"https:\/\/plixxent.com\/wp-content\/uploads\/2025\/01\/22ndDecember-3.jpg","type":"image\/jpeg"}],"author":"Gordon Ronnenberg","twitter_card":"summary_large_image","twitter_misc":{"Skrevet af":"Gordon Ronnenberg","Estimeret l\u00e6setid":"1 minut"},"schema":{"@context":"https:\/\/schema.org","@graph":[{"@type":"Article","@id":"https:\/\/plixxent.com\/da\/glaedelig-4-advent-fra-plixxent\/#article","isPartOf":{"@id":"https:\/\/plixxent.com\/da\/glaedelig-4-advent-fra-plixxent\/"},"author":{"name":"Gordon Ronnenberg","@id":"https:\/\/plixxent.com\/da\/#\/schema\/person\/2a5b69c6d4f0889708c1d0e7c7c276e4"},"headline":"Gl\u00e6delig 4. advent fra #PLIXXENT","datePublished":"2024-12-22T12:45:59+00:00","dateModified":"2025-01-02T12:47:53+00:00","mainEntityOfPage":{"@id":"https:\/\/plixxent.com\/da\/glaedelig-4-advent-fra-plixxent\/"},"wordCount":138,"image":{"@id":"https:\/\/plixxent.com\/da\/glaedelig-4-advent-fra-plixxent\/#primaryimage"},"thumbnailUrl":"https:\/\/plixxent.com\/wp-content\/uploads\/2025\/01\/22ndDecember-3.jpg","articleSection":["Uncategorized @da"],"inLanguage":"da-DK"},{"@type":"WebPage","@id":"https:\/\/plixxent.com\/da\/glaedelig-4-advent-fra-plixxent\/","url":"https:\/\/plixxent.com\/da\/glaedelig-4-advent-fra-plixxent\/","name":"Gl\u00e6delig 4. advent fra #PLIXXENT - PLIXXENT","isPartOf":{"@id":"https:\/\/plixxent.com\/da\/#website"},"primaryImageOfPage":{"@id":"https:\/\/plixxent.com\/da\/glaedelig-4-advent-fra-plixxent\/#primaryimage"},"image":{"@id":"https:\/\/plixxent.com\/da\/glaedelig-4-advent-fra-plixxent\/#primaryimage"},"thumbnailUrl":"https:\/\/plixxent.com\/wp-content\/uploads\/2025\/01\/22ndDecember-3.jpg","datePublished":"2024-12-22T12:45:59+00:00","dateModified":"2025-01-02T12:47:53+00:00","author":{"@id":"https:\/\/plixxent.com\/da\/#\/schema\/person\/2a5b69c6d4f0889708c1d0e7c7c276e4"},"breadcrumb":{"@id":"https:\/\/plixxent.com\/da\/glaedelig-4-advent-fra-plixxent\/#breadcrumb"},"inLanguage":"da-DK","potentialAction":[{"@type":"ReadAction","target":["https:\/\/plixxent.com\/da\/glaedelig-4-advent-fra-plixxent\/"]}]},{"@type":"ImageObject","inLanguage":"da-DK","@id":"https:\/\/plixxent.com\/da\/glaedelig-4-advent-fra-plixxent\/#primaryimage","url":"https:\/\/plixxent.com\/wp-content\/uploads\/2025\/01\/22ndDecember-3.jpg","contentUrl":"https:\/\/plixxent.com\/wp-content\/uploads\/2025\/01\/22ndDecember-3.jpg","width":1080,"height":1080},{"@type":"BreadcrumbList","@id":"https:\/\/plixxent.com\/da\/glaedelig-4-advent-fra-plixxent\/#breadcrumb","itemListElement":[{"@type":"ListItem","position":1,"name":"Home","item":"https:\/\/plixxent.com\/da\/hjem\/"},{"@type":"ListItem","position":2,"name":"Gl\u00e6delig 4. advent fra #PLIXXENT"}]},{"@type":"WebSite","@id":"https:\/\/plixxent.com\/da\/#website","url":"https:\/\/plixxent.com\/da\/","name":"PLIXXENT","description":"Providing innovative technologies based on polyurethanes","potentialAction":[{"@type":"SearchAction","target":{"@type":"EntryPoint","urlTemplate":"https:\/\/plixxent.com\/da\/?s={search_term_string}"},"query-input":{"@type":"PropertyValueSpecification","valueRequired":true,"valueName":"search_term_string"}}],"inLanguage":"da-DK"},{"@type":"Person","@id":"https:\/\/plixxent.com\/da\/#\/schema\/person\/2a5b69c6d4f0889708c1d0e7c7c276e4","name":"Gordon Ronnenberg","url":"https:\/\/plixxent.com\/da\/author\/gordonronnenberg\/"}]}},"_links":{"self":[{"href":"https:\/\/plixxent.com\/da\/wp-json\/wp\/v2\/posts\/61537","targetHints":{"allow":["GET"]}}],"collection":[{"href":"https:\/\/plixxent.com\/da\/wp-json\/wp\/v2\/posts"}],"about":[{"href":"https:\/\/plixxent.com\/da\/wp-json\/wp\/v2\/types\/post"}],"author":[{"embeddable":true,"href":"https:\/\/plixxent.com\/da\/wp-json\/wp\/v2\/users\/4"}],"replies":[{"embeddable":true,"href":"https:\/\/plixxent.com\/da\/wp-json\/wp\/v2\/comments?post=61537"}],"version-history":[{"count":1,"href":"https:\/\/plixxent.com\/da\/wp-json\/wp\/v2\/posts\/61537\/revisions"}],"predecessor-version":[{"id":61538,"href":"https:\/\/plixxent.com\/da\/wp-json\/wp\/v2\/posts\/61537\/revisions\/61538"}],"wp:featuredmedia":[{"embeddable":true,"href":"https:\/\/plixxent.com\/da\/wp-json\/wp\/v2\/media\/61525"}],"wp:attachment":[{"href":"https:\/\/plixxent.com\/da\/wp-json\/wp\/v2\/media?parent=61537"}],"wp:term":[{"taxonomy":"category","embeddable":true,"href":"https:\/\/plixxent.com\/da\/wp-json\/wp\/v2\/categories?post=61537"},{"taxonomy":"post_tag","embeddable":true,"href":"https:\/\/plixxent.com\/da\/wp-json\/wp\/v2\/tags?post=61537"}],"curies":[{"name":"wp","href":"https:\/\/api.w.org\/{rel}","templated":true}]}}