{"id":60989,"date":"2024-10-03T11:15:03","date_gmt":"2024-10-03T09:15:03","guid":{"rendered":"https:\/\/plixxent.com\/vztycujeme-vlajku-plixxent-v-belgii\/"},"modified":"2024-12-06T16:04:54","modified_gmt":"2024-12-06T15:04:54","slug":"vztycujeme-vlajku-plixxent-v-belgii","status":"publish","type":"post","link":"https:\/\/plixxent.com\/cs\/vztycujeme-vlajku-plixxent-v-belgii\/","title":{"rendered":"Vzty\u010dujeme vlajku #PLIXXENT v Belgii!"},"content":{"rendered":"\n<p>S pot\u011b\u0161en\u00edm oznamujeme, \u017ee na\u0161e bannery a vlajky jsou nyn\u00ed hrd\u011b vyv\u011b\u0161eny na na\u0161em belgick\u00e9m webu, aby bylo na prvn\u00ed pohled jasn\u00e9, \u017ee PLIXXENT je tady! Je to dal\u0161\u00ed vzru\u0161uj\u00edc\u00ed krok, kter\u00fdm nad\u00e1le posilujeme svou p\u0159\u00edtomnost v Evrop\u011b.\ud83d\ude4c\ud83c\udffb<br\/><br\/>Jsme nesm\u00edrn\u011b hrd\u00ed na to, \u017ee se na\u0161i kolegov\u00e9 z PLIXXENT Belgie stali na\u0161imi \u010dleny, a t\u011b\u0161\u00edme se na dal\u0161\u00ed fantastickou spolupr\u00e1ci. Spole\u010dn\u011b ka\u017ed\u00fd den poh\u00e1n\u00edme inovace a r\u016fst!<br\/>We are <a href=\"https:\/\/www.linkedin.com\/feed\/hashtag\/?keywords=bettertogether&amp;highlightedUpdateUrns=urn%3Ali%3Aactivity%3A7247546108950802432\">#BetterTogether<\/a>! \ud83d\udcaa\ud83c\udffb\ud83d\ude80 <br\/><br\/><a href=\"https:\/\/www.linkedin.com\/feed\/hashtag\/?keywords=teamplixxent&amp;highlightedUpdateUrns=urn%3Ali%3Aactivity%3A7247546108950802432\">#TeamPLIXXENT<\/a> <a href=\"https:\/\/www.linkedin.com\/feed\/hashtag\/?keywords=globalconnections&amp;highlightedUpdateUrns=urn%3Ali%3Aactivity%3A7247546108950802432\">#GlobalConnections<\/a> <a href=\"https:\/\/www.linkedin.com\/feed\/hashtag\/?keywords=strongertogether&amp;highlightedUpdateUrns=urn%3Ali%3Aactivity%3A7247546108950802432\">#StrongerTogether<\/a><\/p>\n\n<p><\/p>\n","protected":false},"excerpt":{"rendered":"<p>S pot\u011b\u0161en\u00edm oznamujeme, \u017ee na\u0161e bannery a vlajky jsou nyn\u00ed hrd\u011b vyv\u011b\u0161eny na na\u0161em belgick\u00e9m webu, aby bylo na prvn\u00ed pohled jasn\u00e9, \u017ee PLIXXENT je tady! Je to dal\u0161\u00ed vzru\u0161uj\u00edc\u00ed krok, kter\u00fdm nad\u00e1le posilujeme svou p\u0159\u00edtomnost v Evrop\u011b.\ud83d\ude4c\ud83c\udffb Jsme nesm\u00edrn\u011b hrd\u00ed na to, \u017ee se na\u0161i kolegov\u00e9 z PLIXXENT Belgie stali na\u0161imi \u010dleny, a t\u011b\u0161\u00edme [&hellip;]<\/p>\n","protected":false},"author":4,"featured_media":60990,"comment_status":"closed","ping_status":"closed","sticky":false,"template":"","format":"standard","meta":{"footnotes":""},"categories":[1763],"tags":[],"class_list":["post-60989","post","type-post","status-publish","format-standard","has-post-thumbnail","hentry","category-uncategorized-cs"],"yoast_head":"<!-- This site is optimized with the Yoast SEO plugin v27.5 - https:\/\/yoast.com\/product\/yoast-seo-wordpress\/ -->\n<title>Vzty\u010dujeme vlajku #PLIXXENT v Belgii! - PLIXXENT<\/title>\n<meta name=\"robots\" content=\"index, follow, max-snippet:-1, max-image-preview:large, max-video-preview:-1\" \/>\n<link rel=\"canonical\" href=\"https:\/\/plixxent.com\/cs\/vztycujeme-vlajku-plixxent-v-belgii\/\" \/>\n<meta property=\"og:locale\" content=\"cs_CZ\" \/>\n<meta property=\"og:type\" content=\"article\" \/>\n<meta property=\"og:title\" content=\"Vzty\u010dujeme vlajku #PLIXXENT v Belgii! - PLIXXENT\" \/>\n<meta property=\"og:description\" content=\"S pot\u011b\u0161en\u00edm oznamujeme, \u017ee na\u0161e bannery a vlajky jsou nyn\u00ed hrd\u011b vyv\u011b\u0161eny na na\u0161em belgick\u00e9m webu, aby bylo na prvn\u00ed pohled jasn\u00e9, \u017ee PLIXXENT je tady! Je to dal\u0161\u00ed vzru\u0161uj\u00edc\u00ed krok, kter\u00fdm nad\u00e1le posilujeme svou p\u0159\u00edtomnost v Evrop\u011b.\ud83d\ude4c\ud83c\udffb Jsme nesm\u00edrn\u011b hrd\u00ed na to, \u017ee se na\u0161i kolegov\u00e9 z PLIXXENT Belgie stali na\u0161imi \u010dleny, a t\u011b\u0161\u00edme [&hellip;]\" \/>\n<meta property=\"og:url\" content=\"https:\/\/plixxent.com\/cs\/vztycujeme-vlajku-plixxent-v-belgii\/\" \/>\n<meta property=\"og:site_name\" content=\"PLIXXENT\" \/>\n<meta property=\"article:published_time\" content=\"2024-10-03T09:15:03+00:00\" \/>\n<meta property=\"article:modified_time\" content=\"2024-12-06T15:04:54+00:00\" \/>\n<meta property=\"og:image\" content=\"https:\/\/plixxent.com\/wp-content\/uploads\/2024\/10\/Flagge_BE.jpg\" \/>\n\t<meta property=\"og:image:width\" content=\"1280\" \/>\n\t<meta property=\"og:image:height\" content=\"849\" \/>\n\t<meta property=\"og:image:type\" content=\"image\/jpeg\" \/>\n<meta name=\"author\" content=\"Gordon Ronnenberg\" \/>\n<meta name=\"twitter:card\" content=\"summary_large_image\" \/>\n<meta name=\"twitter:label1\" content=\"Napsal(a)\" \/>\n\t<meta name=\"twitter:data1\" content=\"Gordon Ronnenberg\" \/>\n<script type=\"application\/ld+json\" class=\"yoast-schema-graph\">{\"@context\":\"https:\\\/\\\/schema.org\",\"@graph\":[{\"@type\":\"Article\",\"@id\":\"https:\\\/\\\/plixxent.com\\\/cs\\\/vztycujeme-vlajku-plixxent-v-belgii\\\/#article\",\"isPartOf\":{\"@id\":\"https:\\\/\\\/plixxent.com\\\/cs\\\/vztycujeme-vlajku-plixxent-v-belgii\\\/\"},\"author\":{\"name\":\"Gordon Ronnenberg\",\"@id\":\"https:\\\/\\\/plixxent.com\\\/cs\\\/#\\\/schema\\\/person\\\/2a5b69c6d4f0889708c1d0e7c7c276e4\"},\"headline\":\"Vzty\u010dujeme vlajku #PLIXXENT v Belgii!\",\"datePublished\":\"2024-10-03T09:15:03+00:00\",\"dateModified\":\"2024-12-06T15:04:54+00:00\",\"mainEntityOfPage\":{\"@id\":\"https:\\\/\\\/plixxent.com\\\/cs\\\/vztycujeme-vlajku-plixxent-v-belgii\\\/\"},\"wordCount\":100,\"image\":{\"@id\":\"https:\\\/\\\/plixxent.com\\\/cs\\\/vztycujeme-vlajku-plixxent-v-belgii\\\/#primaryimage\"},\"thumbnailUrl\":\"https:\\\/\\\/plixxent.com\\\/wp-content\\\/uploads\\\/2024\\\/10\\\/Flagge_BE.jpg\",\"articleSection\":[\"Uncategorized @cs\"],\"inLanguage\":\"cs\"},{\"@type\":\"WebPage\",\"@id\":\"https:\\\/\\\/plixxent.com\\\/cs\\\/vztycujeme-vlajku-plixxent-v-belgii\\\/\",\"url\":\"https:\\\/\\\/plixxent.com\\\/cs\\\/vztycujeme-vlajku-plixxent-v-belgii\\\/\",\"name\":\"Vzty\u010dujeme vlajku #PLIXXENT v Belgii! - PLIXXENT\",\"isPartOf\":{\"@id\":\"https:\\\/\\\/plixxent.com\\\/cs\\\/#website\"},\"primaryImageOfPage\":{\"@id\":\"https:\\\/\\\/plixxent.com\\\/cs\\\/vztycujeme-vlajku-plixxent-v-belgii\\\/#primaryimage\"},\"image\":{\"@id\":\"https:\\\/\\\/plixxent.com\\\/cs\\\/vztycujeme-vlajku-plixxent-v-belgii\\\/#primaryimage\"},\"thumbnailUrl\":\"https:\\\/\\\/plixxent.com\\\/wp-content\\\/uploads\\\/2024\\\/10\\\/Flagge_BE.jpg\",\"datePublished\":\"2024-10-03T09:15:03+00:00\",\"dateModified\":\"2024-12-06T15:04:54+00:00\",\"author\":{\"@id\":\"https:\\\/\\\/plixxent.com\\\/cs\\\/#\\\/schema\\\/person\\\/2a5b69c6d4f0889708c1d0e7c7c276e4\"},\"breadcrumb\":{\"@id\":\"https:\\\/\\\/plixxent.com\\\/cs\\\/vztycujeme-vlajku-plixxent-v-belgii\\\/#breadcrumb\"},\"inLanguage\":\"cs\",\"potentialAction\":[{\"@type\":\"ReadAction\",\"target\":[\"https:\\\/\\\/plixxent.com\\\/cs\\\/vztycujeme-vlajku-plixxent-v-belgii\\\/\"]}]},{\"@type\":\"ImageObject\",\"inLanguage\":\"cs\",\"@id\":\"https:\\\/\\\/plixxent.com\\\/cs\\\/vztycujeme-vlajku-plixxent-v-belgii\\\/#primaryimage\",\"url\":\"https:\\\/\\\/plixxent.com\\\/wp-content\\\/uploads\\\/2024\\\/10\\\/Flagge_BE.jpg\",\"contentUrl\":\"https:\\\/\\\/plixxent.com\\\/wp-content\\\/uploads\\\/2024\\\/10\\\/Flagge_BE.jpg\",\"width\":1280,\"height\":849},{\"@type\":\"BreadcrumbList\",\"@id\":\"https:\\\/\\\/plixxent.com\\\/cs\\\/vztycujeme-vlajku-plixxent-v-belgii\\\/#breadcrumb\",\"itemListElement\":[{\"@type\":\"ListItem\",\"position\":1,\"name\":\"Home\",\"item\":\"https:\\\/\\\/plixxent.com\\\/cs\\\/home\\\/\"},{\"@type\":\"ListItem\",\"position\":2,\"name\":\"Vzty\u010dujeme vlajku #PLIXXENT v Belgii!\"}]},{\"@type\":\"WebSite\",\"@id\":\"https:\\\/\\\/plixxent.com\\\/cs\\\/#website\",\"url\":\"https:\\\/\\\/plixxent.com\\\/cs\\\/\",\"name\":\"PLIXXENT\",\"description\":\"Providing innovative technologies based on polyurethanes\",\"potentialAction\":[{\"@type\":\"SearchAction\",\"target\":{\"@type\":\"EntryPoint\",\"urlTemplate\":\"https:\\\/\\\/plixxent.com\\\/cs\\\/?s={search_term_string}\"},\"query-input\":{\"@type\":\"PropertyValueSpecification\",\"valueRequired\":true,\"valueName\":\"search_term_string\"}}],\"inLanguage\":\"cs\"},{\"@type\":\"Person\",\"@id\":\"https:\\\/\\\/plixxent.com\\\/cs\\\/#\\\/schema\\\/person\\\/2a5b69c6d4f0889708c1d0e7c7c276e4\",\"name\":\"Gordon Ronnenberg\",\"url\":\"https:\\\/\\\/plixxent.com\\\/cs\\\/author\\\/gordonronnenberg\\\/\"}]}<\/script>\n<!-- \/ Yoast SEO plugin. -->","yoast_head_json":{"title":"Vzty\u010dujeme vlajku #PLIXXENT v Belgii! - PLIXXENT","robots":{"index":"index","follow":"follow","max-snippet":"max-snippet:-1","max-image-preview":"max-image-preview:large","max-video-preview":"max-video-preview:-1"},"canonical":"https:\/\/plixxent.com\/cs\/vztycujeme-vlajku-plixxent-v-belgii\/","og_locale":"cs_CZ","og_type":"article","og_title":"Vzty\u010dujeme vlajku #PLIXXENT v Belgii! - PLIXXENT","og_description":"S pot\u011b\u0161en\u00edm oznamujeme, \u017ee na\u0161e bannery a vlajky jsou nyn\u00ed hrd\u011b vyv\u011b\u0161eny na na\u0161em belgick\u00e9m webu, aby bylo na prvn\u00ed pohled jasn\u00e9, \u017ee PLIXXENT je tady! Je to dal\u0161\u00ed vzru\u0161uj\u00edc\u00ed krok, kter\u00fdm nad\u00e1le posilujeme svou p\u0159\u00edtomnost v Evrop\u011b.\ud83d\ude4c\ud83c\udffb Jsme nesm\u00edrn\u011b hrd\u00ed na to, \u017ee se na\u0161i kolegov\u00e9 z PLIXXENT Belgie stali na\u0161imi \u010dleny, a t\u011b\u0161\u00edme [&hellip;]","og_url":"https:\/\/plixxent.com\/cs\/vztycujeme-vlajku-plixxent-v-belgii\/","og_site_name":"PLIXXENT","article_published_time":"2024-10-03T09:15:03+00:00","article_modified_time":"2024-12-06T15:04:54+00:00","og_image":[{"width":1280,"height":849,"url":"https:\/\/plixxent.com\/wp-content\/uploads\/2024\/10\/Flagge_BE.jpg","type":"image\/jpeg"}],"author":"Gordon Ronnenberg","twitter_card":"summary_large_image","twitter_misc":{"Napsal(a)":"Gordon Ronnenberg"},"schema":{"@context":"https:\/\/schema.org","@graph":[{"@type":"Article","@id":"https:\/\/plixxent.com\/cs\/vztycujeme-vlajku-plixxent-v-belgii\/#article","isPartOf":{"@id":"https:\/\/plixxent.com\/cs\/vztycujeme-vlajku-plixxent-v-belgii\/"},"author":{"name":"Gordon Ronnenberg","@id":"https:\/\/plixxent.com\/cs\/#\/schema\/person\/2a5b69c6d4f0889708c1d0e7c7c276e4"},"headline":"Vzty\u010dujeme vlajku #PLIXXENT v Belgii!","datePublished":"2024-10-03T09:15:03+00:00","dateModified":"2024-12-06T15:04:54+00:00","mainEntityOfPage":{"@id":"https:\/\/plixxent.com\/cs\/vztycujeme-vlajku-plixxent-v-belgii\/"},"wordCount":100,"image":{"@id":"https:\/\/plixxent.com\/cs\/vztycujeme-vlajku-plixxent-v-belgii\/#primaryimage"},"thumbnailUrl":"https:\/\/plixxent.com\/wp-content\/uploads\/2024\/10\/Flagge_BE.jpg","articleSection":["Uncategorized @cs"],"inLanguage":"cs"},{"@type":"WebPage","@id":"https:\/\/plixxent.com\/cs\/vztycujeme-vlajku-plixxent-v-belgii\/","url":"https:\/\/plixxent.com\/cs\/vztycujeme-vlajku-plixxent-v-belgii\/","name":"Vzty\u010dujeme vlajku #PLIXXENT v Belgii! - PLIXXENT","isPartOf":{"@id":"https:\/\/plixxent.com\/cs\/#website"},"primaryImageOfPage":{"@id":"https:\/\/plixxent.com\/cs\/vztycujeme-vlajku-plixxent-v-belgii\/#primaryimage"},"image":{"@id":"https:\/\/plixxent.com\/cs\/vztycujeme-vlajku-plixxent-v-belgii\/#primaryimage"},"thumbnailUrl":"https:\/\/plixxent.com\/wp-content\/uploads\/2024\/10\/Flagge_BE.jpg","datePublished":"2024-10-03T09:15:03+00:00","dateModified":"2024-12-06T15:04:54+00:00","author":{"@id":"https:\/\/plixxent.com\/cs\/#\/schema\/person\/2a5b69c6d4f0889708c1d0e7c7c276e4"},"breadcrumb":{"@id":"https:\/\/plixxent.com\/cs\/vztycujeme-vlajku-plixxent-v-belgii\/#breadcrumb"},"inLanguage":"cs","potentialAction":[{"@type":"ReadAction","target":["https:\/\/plixxent.com\/cs\/vztycujeme-vlajku-plixxent-v-belgii\/"]}]},{"@type":"ImageObject","inLanguage":"cs","@id":"https:\/\/plixxent.com\/cs\/vztycujeme-vlajku-plixxent-v-belgii\/#primaryimage","url":"https:\/\/plixxent.com\/wp-content\/uploads\/2024\/10\/Flagge_BE.jpg","contentUrl":"https:\/\/plixxent.com\/wp-content\/uploads\/2024\/10\/Flagge_BE.jpg","width":1280,"height":849},{"@type":"BreadcrumbList","@id":"https:\/\/plixxent.com\/cs\/vztycujeme-vlajku-plixxent-v-belgii\/#breadcrumb","itemListElement":[{"@type":"ListItem","position":1,"name":"Home","item":"https:\/\/plixxent.com\/cs\/home\/"},{"@type":"ListItem","position":2,"name":"Vzty\u010dujeme vlajku #PLIXXENT v Belgii!"}]},{"@type":"WebSite","@id":"https:\/\/plixxent.com\/cs\/#website","url":"https:\/\/plixxent.com\/cs\/","name":"PLIXXENT","description":"Providing innovative technologies based on polyurethanes","potentialAction":[{"@type":"SearchAction","target":{"@type":"EntryPoint","urlTemplate":"https:\/\/plixxent.com\/cs\/?s={search_term_string}"},"query-input":{"@type":"PropertyValueSpecification","valueRequired":true,"valueName":"search_term_string"}}],"inLanguage":"cs"},{"@type":"Person","@id":"https:\/\/plixxent.com\/cs\/#\/schema\/person\/2a5b69c6d4f0889708c1d0e7c7c276e4","name":"Gordon Ronnenberg","url":"https:\/\/plixxent.com\/cs\/author\/gordonronnenberg\/"}]}},"_links":{"self":[{"href":"https:\/\/plixxent.com\/cs\/wp-json\/wp\/v2\/posts\/60989","targetHints":{"allow":["GET"]}}],"collection":[{"href":"https:\/\/plixxent.com\/cs\/wp-json\/wp\/v2\/posts"}],"about":[{"href":"https:\/\/plixxent.com\/cs\/wp-json\/wp\/v2\/types\/post"}],"author":[{"embeddable":true,"href":"https:\/\/plixxent.com\/cs\/wp-json\/wp\/v2\/users\/4"}],"replies":[{"embeddable":true,"href":"https:\/\/plixxent.com\/cs\/wp-json\/wp\/v2\/comments?post=60989"}],"version-history":[{"count":1,"href":"https:\/\/plixxent.com\/cs\/wp-json\/wp\/v2\/posts\/60989\/revisions"}],"predecessor-version":[{"id":60991,"href":"https:\/\/plixxent.com\/cs\/wp-json\/wp\/v2\/posts\/60989\/revisions\/60991"}],"wp:featuredmedia":[{"embeddable":true,"href":"https:\/\/plixxent.com\/cs\/wp-json\/wp\/v2\/media\/60990"}],"wp:attachment":[{"href":"https:\/\/plixxent.com\/cs\/wp-json\/wp\/v2\/media?parent=60989"}],"wp:term":[{"taxonomy":"category","embeddable":true,"href":"https:\/\/plixxent.com\/cs\/wp-json\/wp\/v2\/categories?post=60989"},{"taxonomy":"post_tag","embeddable":true,"href":"https:\/\/plixxent.com\/cs\/wp-json\/wp\/v2\/tags?post=60989"}],"curies":[{"name":"wp","href":"https:\/\/api.w.org\/{rel}","templated":true}]}}